{"id":1033,"date":"2022-10-18T09:37:37","date_gmt":"2022-10-18T09:37:37","guid":{"rendered":"https:\/\/brueder-schoenfeld-forum.de\/?p=1033"},"modified":"2025-07-14T13:03:48","modified_gmt":"2025-07-14T13:03:48","slug":"gedenkstaettentreffen-in-stadtallendorf","status":"publish","type":"post","link":"https:\/\/brueder-schoenfeld-forum.de\/?p=1033","title":{"rendered":"Gedenkst\u00e4ttentreffen in Stadtallendorf"},"content":{"rendered":"\n<p>Erstmals seit zwei Jahren fand das Treffen der hessischen Gedenkst\u00e4tten und Erinnerungsinitiativen wieder in Pr\u00e4senz statt. Die von der Landeszentrale f\u00fcr Politische Bildung organisierte Zusammenkunft war am 28. September in Stadtallendorf zu Gast. Die heutige Stadt ist nach dem 2. Weltkrieg aus einer gro\u00dffl\u00e4chigen Sprengstofffabrik entstanden. Die dortige Gedenkst\u00e4tte wird in den kommenden zwei Jahren mittels Projektf\u00f6rderung des Bundesbauministerium zu einem Erinnerungsort ausgebaut, der sich auf das gesamte Stadtgebiet bezieht. Damit soll die Konversion von der ausgedehnten milit\u00e4rischen Einrichtung zur zivilen Kommune deutlich werden.<\/p>\n","protected":false},"excerpt":{"rendered":"<p>Erstmals seit zwei Jahren fand das Treffen der hessischen Gedenkst\u00e4tten und Erinnerungsinitiativen wieder in Pr\u00e4senz statt. Die von der Landeszentrale f\u00fcr Politische Bildung organisierte Zusammenkunft war am 28. September in [&hellip;]<\/p>\n","protected":false},"author":1,"featured_media":0,"comment_status":"closed","ping_status":"closed","sticky":false,"template":"","format":"standard","meta":{"_expiration-date-status":"","_expiration-date":1666060466,"_expiration-date-type":"draft","_expiration-date-categories":[],"_expiration-date-options":[]},"categories":[26],"tags":[],"_links":{"self":[{"href":"https:\/\/brueder-schoenfeld-forum.de\/index.php?rest_route=\/wp\/v2\/posts\/1033"}],"collection":[{"href":"https:\/\/brueder-schoenfeld-forum.de\/index.php?rest_route=\/wp\/v2\/posts"}],"about":[{"href":"https:\/\/brueder-schoenfeld-forum.de\/index.php?rest_route=\/wp\/v2\/types\/post"}],"author":[{"embeddable":true,"href":"https:\/\/brueder-schoenfeld-forum.de\/index.php?rest_route=\/wp\/v2\/users\/1"}],"replies":[{"embeddable":true,"href":"https:\/\/brueder-schoenfeld-forum.de\/index.php?rest_route=%2Fwp%2Fv2%2Fcomments&post=1033"}],"version-history":[{"count":1,"href":"https:\/\/brueder-schoenfeld-forum.de\/index.php?rest_route=\/wp\/v2\/posts\/1033\/revisions"}],"predecessor-version":[{"id":1034,"href":"https:\/\/brueder-schoenfeld-forum.de\/index.php?rest_route=\/wp\/v2\/posts\/1033\/revisions\/1034"}],"wp:attachment":[{"href":"https:\/\/brueder-schoenfeld-forum.de\/index.php?rest_route=%2Fwp%2Fv2%2Fmedia&parent=1033"}],"wp:term":[{"taxonomy":"category","embeddable":true,"href":"https:\/\/brueder-schoenfeld-forum.de\/index.php?rest_route=%2Fwp%2Fv2%2Fcategories&post=1033"},{"taxonomy":"post_tag","embeddable":true,"href":"https:\/\/brueder-schoenfeld-forum.de\/index.php?rest_route=%2Fwp%2Fv2%2Ftags&post=1033"}],"curies":[{"name":"wp","href":"https:\/\/api.w.org\/{rel}","templated":true}]}}