{"id":1081,"date":"2023-01-21T10:34:13","date_gmt":"2023-01-21T10:34:13","guid":{"rendered":"https:\/\/brueder-schoenfeld-forum.de\/?p=1081"},"modified":"2025-07-14T13:00:35","modified_gmt":"2025-07-14T13:00:35","slug":"schulprojekt-erhaelt-sonderpreis","status":"publish","type":"post","link":"https:\/\/brueder-schoenfeld-forum.de\/?p=1081","title":{"rendered":"Schulprojekt erh\u00e4lt Sonderpreis"},"content":{"rendered":"\n<p>Das vom Br\u00fcder-Sch\u00f6nfeld-Forum e.V. begleitete Projekt der Herstellung von Audio- und Video-Dateien im bilingualen Geschichtsunterricht der Albert-Einstein-Schule ist beim Neujahrsempfang der Stadt Maintal mit einem Sonderpreis bedacht worden. In den Jahren 2021 und 2022 haben etwa 40 Sch\u00fclerinnen und Sch\u00fcler die Biografien von NS-Opfern in Bild und Ton skizziert, teilweise in englischer Sprache.<\/p>\n\n\n\n<p>Mit diesem innovativen Format soll das Interesse der &#8222;Generation Zero&#8220; an der deutschen Geschichte im Nationalsozialismus bef\u00f6rdert werden.<\/p>\n\n\n\n<p>Als Sonderpreis hat der f\u00fcr die Jugendarbeit zust\u00e4ndige Erste Stadtrat Karl-Heinz Kaiser einen Gutschein zum Kauf von Mikrofonen \u00fcberreicht. <\/p>\n\n\n\n<p><\/p>\n\n\n\n<figure class=\"wp-block-image size-large\"><img loading=\"lazy\" width=\"1024\" height=\"768\" src=\"https:\/\/brueder-schoenfeld-forum.de\/wp-content\/uploads\/2023\/01\/Jugendpreis_2022_AES_klein-1-1024x768.jpg\" alt=\"\" class=\"wp-image-1083\" srcset=\"https:\/\/brueder-schoenfeld-forum.de\/wp-content\/uploads\/2023\/01\/Jugendpreis_2022_AES_klein-1-1024x768.jpg 1024w, https:\/\/brueder-schoenfeld-forum.de\/wp-content\/uploads\/2023\/01\/Jugendpreis_2022_AES_klein-1-300x225.jpg 300w, https:\/\/brueder-schoenfeld-forum.de\/wp-content\/uploads\/2023\/01\/Jugendpreis_2022_AES_klein-1-768x576.jpg 768w, https:\/\/brueder-schoenfeld-forum.de\/wp-content\/uploads\/2023\/01\/Jugendpreis_2022_AES_klein-1-1536x1152.jpg 1536w, https:\/\/brueder-schoenfeld-forum.de\/wp-content\/uploads\/2023\/01\/Jugendpreis_2022_AES_klein-1.jpg 2000w\" sizes=\"(max-width: 1024px) 100vw, 1024px\" \/><figcaption>Die Sch\u00fclerinnen Charlotte, Aalija und Jule der Albert-Einstein-Schule<br>mit dem Ersten Stadtrat Karl-Heinz Kaiser (rechts) und dem Vereinsvorsitzenden Herbert Begemann (links)<\/figcaption><\/figure>\n","protected":false},"excerpt":{"rendered":"<p>Das vom Br\u00fcder-Sch\u00f6nfeld-Forum e.V. begleitete Projekt der Herstellung von Audio- und Video-Dateien im bilingualen Geschichtsunterricht der Albert-Einstein-Schule ist beim Neujahrsempfang der Stadt Maintal mit einem Sonderpreis bedacht worden. In den [&hellip;]<\/p>\n","protected":false},"author":1,"featured_media":0,"comment_status":"closed","ping_status":"closed","sticky":false,"template":"","format":"standard","meta":{"_expiration-date-status":"","_expiration-date":1674275429,"_expiration-date-type":"draft","_expiration-date-categories":[],"_expiration-date-options":[]},"categories":[27],"tags":[],"_links":{"self":[{"href":"https:\/\/brueder-schoenfeld-forum.de\/index.php?rest_route=\/wp\/v2\/posts\/1081"}],"collection":[{"href":"https:\/\/brueder-schoenfeld-forum.de\/index.php?rest_route=\/wp\/v2\/posts"}],"about":[{"href":"https:\/\/brueder-schoenfeld-forum.de\/index.php?rest_route=\/wp\/v2\/types\/post"}],"author":[{"embeddable":true,"href":"https:\/\/brueder-schoenfeld-forum.de\/index.php?rest_route=\/wp\/v2\/users\/1"}],"replies":[{"embeddable":true,"href":"https:\/\/brueder-schoenfeld-forum.de\/index.php?rest_route=%2Fwp%2Fv2%2Fcomments&post=1081"}],"version-history":[{"count":2,"href":"https:\/\/brueder-schoenfeld-forum.de\/index.php?rest_route=\/wp\/v2\/posts\/1081\/revisions"}],"predecessor-version":[{"id":1086,"href":"https:\/\/brueder-schoenfeld-forum.de\/index.php?rest_route=\/wp\/v2\/posts\/1081\/revisions\/1086"}],"wp:attachment":[{"href":"https:\/\/brueder-schoenfeld-forum.de\/index.php?rest_route=%2Fwp%2Fv2%2Fmedia&parent=1081"}],"wp:term":[{"taxonomy":"category","embeddable":true,"href":"https:\/\/brueder-schoenfeld-forum.de\/index.php?rest_route=%2Fwp%2Fv2%2Fcategories&post=1081"},{"taxonomy":"post_tag","embeddable":true,"href":"https:\/\/brueder-schoenfeld-forum.de\/index.php?rest_route=%2Fwp%2Fv2%2Ftags&post=1081"}],"curies":[{"name":"wp","href":"https:\/\/api.w.org\/{rel}","templated":true}]}}