{"id":525,"date":"2009-11-30T18:06:00","date_gmt":"2009-11-30T18:06:00","guid":{"rendered":"https:\/\/brueder-schoenfeld-forum.de\/?p=525"},"modified":"2021-01-15T18:28:56","modified_gmt":"2021-01-15T18:28:56","slug":"vereinsgruendung","status":"publish","type":"post","link":"https:\/\/brueder-schoenfeld-forum.de\/?p=525","title":{"rendered":"Vereinsgr\u00fcndung"},"content":{"rendered":"\n<p>30. November 2009<\/p>\n\n\n\n<p>Genau 12 Jahre nach dem ersten Br\u00fcder-Sch\u00f6nfeld-Forum gr\u00fcndeten 17 B\u00fcrgerinnen und B\u00fcrger den gleichnamigen Verein und lie\u00dfen ihn beim Amtsgericht Hanau als Verein eintragen. Die Gr\u00fcndungsversammlung fand im B\u00fcrgerhaus Maintal-Bischofsheim statt.<\/p>\n\n\n\n<p>Die Vereinsgr\u00fcndung verfolgte den Zweck, die Vielfalt der Veranstaltungen und Aktivit\u00e4ten mit einer langfristigen Perspektive zu versehen und sie von der Steuerung durch die Stadtverwaltung unabh\u00e4ngig zu machen. Erleichtert wurde die Vereinsgr\u00fcndung durch Erhalt der finanziellen F\u00f6rderung durch die Stadt Maintal.<\/p>\n\n\n\n<p>Erster Vorsitzender des Vereins wurde Herbert Begemann aus Maintal-D\u00f6rnigheim.<\/p>\n\n\n\n<figure class=\"wp-block-image size-large\"><img loading=\"lazy\" width=\"768\" height=\"1024\" src=\"https:\/\/brueder-schoenfeld-forum.de\/wp-content\/uploads\/2021\/01\/Gruendungsfoto-768x1024.jpg\" alt=\"\" class=\"wp-image-530\" srcset=\"https:\/\/brueder-schoenfeld-forum.de\/wp-content\/uploads\/2021\/01\/Gruendungsfoto-768x1024.jpg 768w, https:\/\/brueder-schoenfeld-forum.de\/wp-content\/uploads\/2021\/01\/Gruendungsfoto-225x300.jpg 225w, https:\/\/brueder-schoenfeld-forum.de\/wp-content\/uploads\/2021\/01\/Gruendungsfoto-1152x1536.jpg 1152w, https:\/\/brueder-schoenfeld-forum.de\/wp-content\/uploads\/2021\/01\/Gruendungsfoto-1536x2048.jpg 1536w, https:\/\/brueder-schoenfeld-forum.de\/wp-content\/uploads\/2021\/01\/Gruendungsfoto.jpg 1920w\" sizes=\"(max-width: 768px) 100vw, 768px\" \/><figcaption>Der erste Vereinsvorstand: Patricia Goetz, Ute Rieg, Herbert Begemann, Erika Hoffmann und Marie-Luise Ru\u00df<\/figcaption><\/figure>\n","protected":false},"excerpt":{"rendered":"<p>30. November 2009 Genau 12 Jahre nach dem ersten Br\u00fcder-Sch\u00f6nfeld-Forum gr\u00fcndeten 17 B\u00fcrgerinnen und B\u00fcrger den gleichnamigen Verein und lie\u00dfen ihn beim Amtsgericht Hanau als Verein eintragen. Die Gr\u00fcndungsversammlung fand [&hellip;]<\/p>\n","protected":false},"author":1,"featured_media":0,"comment_status":"closed","ping_status":"closed","sticky":false,"template":"","format":"standard","meta":{"_expiration-date-status":"saved","_expiration-date":0,"_expiration-date-type":"","_expiration-date-categories":[],"_expiration-date-options":[]},"categories":[19],"tags":[],"_links":{"self":[{"href":"https:\/\/brueder-schoenfeld-forum.de\/index.php?rest_route=\/wp\/v2\/posts\/525"}],"collection":[{"href":"https:\/\/brueder-schoenfeld-forum.de\/index.php?rest_route=\/wp\/v2\/posts"}],"about":[{"href":"https:\/\/brueder-schoenfeld-forum.de\/index.php?rest_route=\/wp\/v2\/types\/post"}],"author":[{"embeddable":true,"href":"https:\/\/brueder-schoenfeld-forum.de\/index.php?rest_route=\/wp\/v2\/users\/1"}],"replies":[{"embeddable":true,"href":"https:\/\/brueder-schoenfeld-forum.de\/index.php?rest_route=%2Fwp%2Fv2%2Fcomments&post=525"}],"version-history":[{"count":6,"href":"https:\/\/brueder-schoenfeld-forum.de\/index.php?rest_route=\/wp\/v2\/posts\/525\/revisions"}],"predecessor-version":[{"id":535,"href":"https:\/\/brueder-schoenfeld-forum.de\/index.php?rest_route=\/wp\/v2\/posts\/525\/revisions\/535"}],"wp:attachment":[{"href":"https:\/\/brueder-schoenfeld-forum.de\/index.php?rest_route=%2Fwp%2Fv2%2Fmedia&parent=525"}],"wp:term":[{"taxonomy":"category","embeddable":true,"href":"https:\/\/brueder-schoenfeld-forum.de\/index.php?rest_route=%2Fwp%2Fv2%2Fcategories&post=525"},{"taxonomy":"post_tag","embeddable":true,"href":"https:\/\/brueder-schoenfeld-forum.de\/index.php?rest_route=%2Fwp%2Fv2%2Ftags&post=525"}],"curies":[{"name":"wp","href":"https:\/\/api.w.org\/{rel}","templated":true}]}}