{"id":688,"date":"2014-04-24T17:32:00","date_gmt":"2014-04-24T17:32:00","guid":{"rendered":"https:\/\/brueder-schoenfeld-forum.de\/?p=688"},"modified":"2021-02-05T17:39:28","modified_gmt":"2021-02-05T17:39:28","slug":"ddr-haftanstalt-hoheneck","status":"publish","type":"post","link":"https:\/\/brueder-schoenfeld-forum.de\/?p=688","title":{"rendered":"DDR-Haftanstalt Hoheneck"},"content":{"rendered":"\n<p>24. April 2014<\/p>\n\n\n\n<p>Ausstellung im Rathaus der Stadt Maintal in Zusammenarbeit mit dem Frauenb\u00fcro \u00fcber die DDR-Haftanstalt Hoheneck bei Chemnitz. Zu sehen sind 25 Portraits ehemaliger weiblicher H\u00e4ftlinge.<\/p>\n\n\n\n<p>Zur Er\u00f6ffnungsveranstaltung im Rathaus Klosterhofstra\u00dfe berichten B\u00e4rbel Gro\u00dfe, Elke Schlegel und Birgit Schlicke \u00fcber Anlass und Bedingungen ihrer Haft.<\/p>\n\n\n\n<figure class=\"wp-block-image size-large\"><img loading=\"lazy\" width=\"730\" height=\"486\" src=\"https:\/\/brueder-schoenfeld-forum.de\/wp-content\/uploads\/2021\/02\/Ausstellung_Hoheneck_klein.jpg\" alt=\"\" class=\"wp-image-691\" srcset=\"https:\/\/brueder-schoenfeld-forum.de\/wp-content\/uploads\/2021\/02\/Ausstellung_Hoheneck_klein.jpg 730w, https:\/\/brueder-schoenfeld-forum.de\/wp-content\/uploads\/2021\/02\/Ausstellung_Hoheneck_klein-300x200.jpg 300w\" sizes=\"(max-width: 730px) 100vw, 730px\" \/><figcaption>H. Begemann, B\u00e4rbel Gro\u00dfe, Frauenbeauftragte A. Denecke, Elke Schlegel, Birgit Schlicke, Thomas Schlegel<br><\/figcaption><\/figure>\n","protected":false},"excerpt":{"rendered":"<p>24. April 2014 Ausstellung im Rathaus der Stadt Maintal in Zusammenarbeit mit dem Frauenb\u00fcro \u00fcber die DDR-Haftanstalt Hoheneck bei Chemnitz. Zu sehen sind 25 Portraits ehemaliger weiblicher H\u00e4ftlinge. Zur Er\u00f6ffnungsveranstaltung [&hellip;]<\/p>\n","protected":false},"author":1,"featured_media":0,"comment_status":"closed","ping_status":"closed","sticky":false,"template":"","format":"standard","meta":{"_expiration-date-status":"saved","_expiration-date":0,"_expiration-date-type":"","_expiration-date-categories":[],"_expiration-date-options":[]},"categories":[22],"tags":[],"_links":{"self":[{"href":"https:\/\/brueder-schoenfeld-forum.de\/index.php?rest_route=\/wp\/v2\/posts\/688"}],"collection":[{"href":"https:\/\/brueder-schoenfeld-forum.de\/index.php?rest_route=\/wp\/v2\/posts"}],"about":[{"href":"https:\/\/brueder-schoenfeld-forum.de\/index.php?rest_route=\/wp\/v2\/types\/post"}],"author":[{"embeddable":true,"href":"https:\/\/brueder-schoenfeld-forum.de\/index.php?rest_route=\/wp\/v2\/users\/1"}],"replies":[{"embeddable":true,"href":"https:\/\/brueder-schoenfeld-forum.de\/index.php?rest_route=%2Fwp%2Fv2%2Fcomments&post=688"}],"version-history":[{"count":3,"href":"https:\/\/brueder-schoenfeld-forum.de\/index.php?rest_route=\/wp\/v2\/posts\/688\/revisions"}],"predecessor-version":[{"id":693,"href":"https:\/\/brueder-schoenfeld-forum.de\/index.php?rest_route=\/wp\/v2\/posts\/688\/revisions\/693"}],"wp:attachment":[{"href":"https:\/\/brueder-schoenfeld-forum.de\/index.php?rest_route=%2Fwp%2Fv2%2Fmedia&parent=688"}],"wp:term":[{"taxonomy":"category","embeddable":true,"href":"https:\/\/brueder-schoenfeld-forum.de\/index.php?rest_route=%2Fwp%2Fv2%2Fcategories&post=688"},{"taxonomy":"post_tag","embeddable":true,"href":"https:\/\/brueder-schoenfeld-forum.de\/index.php?rest_route=%2Fwp%2Fv2%2Ftags&post=688"}],"curies":[{"name":"wp","href":"https:\/\/api.w.org\/{rel}","templated":true}]}}