{"id":694,"date":"2014-05-30T17:44:00","date_gmt":"2014-05-30T17:44:00","guid":{"rendered":"https:\/\/brueder-schoenfeld-forum.de\/?p=694"},"modified":"2021-02-05T17:45:56","modified_gmt":"2021-02-05T17:45:56","slug":"jugendwerkhoefe-in-der-ddr","status":"publish","type":"post","link":"https:\/\/brueder-schoenfeld-forum.de\/?p=694","title":{"rendered":"Jugendwerkh\u00f6fe in der DDR"},"content":{"rendered":"\n<p>8. Mai 2014<\/p>\n\n\n\n<p>Lesung und Gespr\u00e4ch \u00fcber die Jugendwerkh\u00f6fe in der DDR, insbesondere in Torgau.<\/p>\n\n\n\n<p>Grit Poppe liest vor Sch\u00fclerinnen und Sch\u00fclern der Erich-K\u00e4stner-Schule Bischofsheim aus ihren Romanen &#8222;Weggesperrt&#8220; und &#8222;Abgehauen&#8220;.<br><br>Stefan Lauter berichtet von den unmenschlichen Umst\u00e4nden seines Heimaufenthaltes.<\/p>\n\n\n\n<figure class=\"wp-block-image size-large\"><img loading=\"lazy\" width=\"653\" height=\"490\" src=\"https:\/\/brueder-schoenfeld-forum.de\/wp-content\/uploads\/2021\/02\/Poppe_Lauter_klein.jpg\" alt=\"\" class=\"wp-image-695\" srcset=\"https:\/\/brueder-schoenfeld-forum.de\/wp-content\/uploads\/2021\/02\/Poppe_Lauter_klein.jpg 653w, https:\/\/brueder-schoenfeld-forum.de\/wp-content\/uploads\/2021\/02\/Poppe_Lauter_klein-300x225.jpg 300w\" sizes=\"(max-width: 653px) 100vw, 653px\" \/><figcaption>Grit Poppe und Stefan Lauter<\/figcaption><\/figure>\n","protected":false},"excerpt":{"rendered":"<p>8. Mai 2014 Lesung und Gespr\u00e4ch \u00fcber die Jugendwerkh\u00f6fe in der DDR, insbesondere in Torgau. Grit Poppe liest vor Sch\u00fclerinnen und Sch\u00fclern der Erich-K\u00e4stner-Schule Bischofsheim aus ihren Romanen &#8222;Weggesperrt&#8220; und [&hellip;]<\/p>\n","protected":false},"author":1,"featured_media":0,"comment_status":"closed","ping_status":"closed","sticky":false,"template":"","format":"standard","meta":{"_expiration-date-status":"saved","_expiration-date":0,"_expiration-date-type":"","_expiration-date-categories":[],"_expiration-date-options":[]},"categories":[22],"tags":[],"_links":{"self":[{"href":"https:\/\/brueder-schoenfeld-forum.de\/index.php?rest_route=\/wp\/v2\/posts\/694"}],"collection":[{"href":"https:\/\/brueder-schoenfeld-forum.de\/index.php?rest_route=\/wp\/v2\/posts"}],"about":[{"href":"https:\/\/brueder-schoenfeld-forum.de\/index.php?rest_route=\/wp\/v2\/types\/post"}],"author":[{"embeddable":true,"href":"https:\/\/brueder-schoenfeld-forum.de\/index.php?rest_route=\/wp\/v2\/users\/1"}],"replies":[{"embeddable":true,"href":"https:\/\/brueder-schoenfeld-forum.de\/index.php?rest_route=%2Fwp%2Fv2%2Fcomments&post=694"}],"version-history":[{"count":1,"href":"https:\/\/brueder-schoenfeld-forum.de\/index.php?rest_route=\/wp\/v2\/posts\/694\/revisions"}],"predecessor-version":[{"id":696,"href":"https:\/\/brueder-schoenfeld-forum.de\/index.php?rest_route=\/wp\/v2\/posts\/694\/revisions\/696"}],"wp:attachment":[{"href":"https:\/\/brueder-schoenfeld-forum.de\/index.php?rest_route=%2Fwp%2Fv2%2Fmedia&parent=694"}],"wp:term":[{"taxonomy":"category","embeddable":true,"href":"https:\/\/brueder-schoenfeld-forum.de\/index.php?rest_route=%2Fwp%2Fv2%2Fcategories&post=694"},{"taxonomy":"post_tag","embeddable":true,"href":"https:\/\/brueder-schoenfeld-forum.de\/index.php?rest_route=%2Fwp%2Fv2%2Ftags&post=694"}],"curies":[{"name":"wp","href":"https:\/\/api.w.org\/{rel}","templated":true}]}}