{"id":738,"date":"2021-03-03T10:49:36","date_gmt":"2021-03-03T10:49:36","guid":{"rendered":"https:\/\/brueder-schoenfeld-forum.de\/?p=738"},"modified":"2023-01-21T11:03:29","modified_gmt":"2023-01-21T11:03:29","slug":"doku-fort-ix-neu-aufgelegt","status":"publish","type":"post","link":"https:\/\/brueder-schoenfeld-forum.de\/?p=738","title":{"rendered":"Doku Fort IX neu aufgelegt"},"content":{"rendered":"\n<div class=\"wp-block-image\"><figure class=\"aligncenter size-large\"><img loading=\"lazy\" width=\"690\" height=\"1024\" src=\"https:\/\/brueder-schoenfeld-forum.de\/wp-content\/uploads\/2021\/03\/Kaunas_Doku_2_Titel-690x1024.jpg\" alt=\"\" class=\"wp-image-740\" srcset=\"https:\/\/brueder-schoenfeld-forum.de\/wp-content\/uploads\/2021\/03\/Kaunas_Doku_2_Titel-690x1024.jpg 690w, https:\/\/brueder-schoenfeld-forum.de\/wp-content\/uploads\/2021\/03\/Kaunas_Doku_2_Titel-202x300.jpg 202w, https:\/\/brueder-schoenfeld-forum.de\/wp-content\/uploads\/2021\/03\/Kaunas_Doku_2_Titel-768x1139.jpg 768w, https:\/\/brueder-schoenfeld-forum.de\/wp-content\/uploads\/2021\/03\/Kaunas_Doku_2_Titel-1036x1536.jpg 1036w, https:\/\/brueder-schoenfeld-forum.de\/wp-content\/uploads\/2021\/03\/Kaunas_Doku_2_Titel.jpg 1207w\" sizes=\"(max-width: 690px) 100vw, 690px\" \/><figcaption>Die Dokumentation ist ab sofort erh\u00e4ltlich. Bestelladresse: mail@brueder-schoenfeld-forum.de<br> (\u20ac 5,&#8211; zzgl. Versand \/ f\u00fcr \u00f6ffentlich-rechtliche und gemeinn\u00fctzige Institutionen kostenfrei)<\/figcaption><\/figure><\/div>\n\n\n\n<p>Die Dokumentation \u00fcber die Enth\u00fcllung eines Gedenksteins in der Gedenkst\u00e4tte Fort IX von Kaunas (LIT)  ist in einer 2. Auflage erschienen. Es geht um die Erinnerung an den Transport von 989 Juden aus Frankfurt am Main nach Litauen, wo sie am 25. November 1941 im Fort IX erschossen worden waren. Die 32 seitige Brosch\u00fcre illustriert das von zahlreichen deutschen St\u00e4dten und Gemeinden unterst\u00fctzte Gedenkstein-Projekt aus dem Jahre 2018.<\/p>\n\n\n\n<p>F\u00fcr die Neuauflage der Dokumentation ist die darin enthaltene Liste aller Deportierten vollst\u00e4ndig aktualisiert worden. Damit wurden falsche Daten, die  aus den Findmitteln der staatlichen Archive in die 1. Auflage \u00fcbernommen worden waren, korrigiert. In zwei F\u00e4llen hat sich herausgestellt, dass die in der Transportliste aufgef\u00fchrten Personen nicht nach Kowno deportiert worden sind: Ilse (auch Ida genannt) Jacob aus Breitenbach am Herzberge. Sie ist am 1. M\u00e4rz 1943 \u00fcber Berlin nach Auschwitz gebracht worden. Juli Anne (auch Juliane genannt) Wolff wurde am 27.&nbsp;Januar 1942 ab Dortmund nach Riga deportiert.<\/p>\n","protected":false},"excerpt":{"rendered":"<p>Die Dokumentation \u00fcber die Enth\u00fcllung eines Gedenksteins in der Gedenkst\u00e4tte Fort IX von Kaunas (LIT) ist in einer 2. Auflage erschienen. Es geht um die Erinnerung an den Transport von [&hellip;]<\/p>\n","protected":false},"author":1,"featured_media":0,"comment_status":"open","ping_status":"open","sticky":false,"template":"","format":"standard","meta":{"_expiration-date-status":"","_expiration-date":1674295393,"_expiration-date-type":"draft","_expiration-date-categories":[],"_expiration-date-options":[]},"categories":[6,1],"tags":[],"_links":{"self":[{"href":"https:\/\/brueder-schoenfeld-forum.de\/index.php?rest_route=\/wp\/v2\/posts\/738"}],"collection":[{"href":"https:\/\/brueder-schoenfeld-forum.de\/index.php?rest_route=\/wp\/v2\/posts"}],"about":[{"href":"https:\/\/brueder-schoenfeld-forum.de\/index.php?rest_route=\/wp\/v2\/types\/post"}],"author":[{"embeddable":true,"href":"https:\/\/brueder-schoenfeld-forum.de\/index.php?rest_route=\/wp\/v2\/users\/1"}],"replies":[{"embeddable":true,"href":"https:\/\/brueder-schoenfeld-forum.de\/index.php?rest_route=%2Fwp%2Fv2%2Fcomments&post=738"}],"version-history":[{"count":10,"href":"https:\/\/brueder-schoenfeld-forum.de\/index.php?rest_route=\/wp\/v2\/posts\/738\/revisions"}],"predecessor-version":[{"id":1431,"href":"https:\/\/brueder-schoenfeld-forum.de\/index.php?rest_route=\/wp\/v2\/posts\/738\/revisions\/1431"}],"wp:attachment":[{"href":"https:\/\/brueder-schoenfeld-forum.de\/index.php?rest_route=%2Fwp%2Fv2%2Fmedia&parent=738"}],"wp:term":[{"taxonomy":"category","embeddable":true,"href":"https:\/\/brueder-schoenfeld-forum.de\/index.php?rest_route=%2Fwp%2Fv2%2Fcategories&post=738"},{"taxonomy":"post_tag","embeddable":true,"href":"https:\/\/brueder-schoenfeld-forum.de\/index.php?rest_route=%2Fwp%2Fv2%2Ftags&post=738"}],"curies":[{"name":"wp","href":"https:\/\/api.w.org\/{rel}","templated":true}]}}