{"id":766,"date":"2021-04-04T13:49:07","date_gmt":"2021-04-04T13:49:07","guid":{"rendered":"https:\/\/brueder-schoenfeld-forum.de\/?p=766"},"modified":"2025-07-14T13:11:20","modified_gmt":"2025-07-14T13:11:20","slug":"gedenktag-zum-6-april-1941","status":"publish","type":"post","link":"https:\/\/brueder-schoenfeld-forum.de\/?p=766","title":{"rendered":"Gedenktag zum 6. April 1941"},"content":{"rendered":"\n<div class=\"wp-block-image\"><figure class=\"aligncenter size-large\"><img loading=\"lazy\" width=\"768\" height=\"1024\" src=\"https:\/\/brueder-schoenfeld-forum.de\/wp-content\/uploads\/2021\/04\/Mahnmal_Katerini-768x1024.jpg\" alt=\"\" class=\"wp-image-776\" srcset=\"https:\/\/brueder-schoenfeld-forum.de\/wp-content\/uploads\/2021\/04\/Mahnmal_Katerini-768x1024.jpg 768w, https:\/\/brueder-schoenfeld-forum.de\/wp-content\/uploads\/2021\/04\/Mahnmal_Katerini-225x300.jpg 225w, https:\/\/brueder-schoenfeld-forum.de\/wp-content\/uploads\/2021\/04\/Mahnmal_Katerini-1152x1536.jpg 1152w, https:\/\/brueder-schoenfeld-forum.de\/wp-content\/uploads\/2021\/04\/Mahnmal_Katerini.jpg 1536w\" sizes=\"(max-width: 768px) 100vw, 768px\" \/><figcaption>Mahnmal in der nordgriechischen Stadt Katerini an die deutsche Besatzungszeit<\/figcaption><\/figure><\/div>\n\n\n\n<p>Vor 80 Jahren, am 6. April 1941, marschierte die deutsche Wehrmacht in Jugoslawien und Griechenland ein. Bis heute ist gibt es in Deutschland kein allgemeines Wissen um die Verbrechen, die in den beiden Staaten begangen worden sind.<\/p>\n\n\n\n<p>Der in Berlin gegr\u00fcndete Verein <strong>Respekt f\u00fcr Griechenland e.V<\/strong>. bem\u00fcht sich, diese Kenntnisse wenigstens f\u00fcr Griechenland zu verbessern sowie eine Sensibilit\u00e4t der Politik f\u00fcr die Abtragung der historischen Schuld und ganz realer Schulden zu schaffen.<\/p>\n\n\n\n<p>Weitere Informationen:<br><a href=\"http:\/\/respekt-f\u00fcr-griechenland.de\/wp-content\/uploads\/2020\/03\/RfG-Flyer_Feb2020.pdf\">http:\/\/respekt-f\u00fcr-griechenland.de\/wp-content\/uploads\/2020\/03\/RfG-Flyer_Feb2020.pdf<\/a><\/p>\n","protected":false},"excerpt":{"rendered":"<p>Vor 80 Jahren, am 6. April 1941, marschierte die deutsche Wehrmacht in Jugoslawien und Griechenland ein. Bis heute ist gibt es in Deutschland kein allgemeines Wissen um die Verbrechen, die [&hellip;]<\/p>\n","protected":false},"author":1,"featured_media":0,"comment_status":"closed","ping_status":"closed","sticky":false,"template":"","format":"standard","meta":{"_expiration-date-status":"","_expiration-date":1674288164,"_expiration-date-type":"draft","_expiration-date-categories":[],"_expiration-date-options":[]},"categories":[6],"tags":[],"_links":{"self":[{"href":"https:\/\/brueder-schoenfeld-forum.de\/index.php?rest_route=\/wp\/v2\/posts\/766"}],"collection":[{"href":"https:\/\/brueder-schoenfeld-forum.de\/index.php?rest_route=\/wp\/v2\/posts"}],"about":[{"href":"https:\/\/brueder-schoenfeld-forum.de\/index.php?rest_route=\/wp\/v2\/types\/post"}],"author":[{"embeddable":true,"href":"https:\/\/brueder-schoenfeld-forum.de\/index.php?rest_route=\/wp\/v2\/users\/1"}],"replies":[{"embeddable":true,"href":"https:\/\/brueder-schoenfeld-forum.de\/index.php?rest_route=%2Fwp%2Fv2%2Fcomments&post=766"}],"version-history":[{"count":4,"href":"https:\/\/brueder-schoenfeld-forum.de\/index.php?rest_route=\/wp\/v2\/posts\/766\/revisions"}],"predecessor-version":[{"id":777,"href":"https:\/\/brueder-schoenfeld-forum.de\/index.php?rest_route=\/wp\/v2\/posts\/766\/revisions\/777"}],"wp:attachment":[{"href":"https:\/\/brueder-schoenfeld-forum.de\/index.php?rest_route=%2Fwp%2Fv2%2Fmedia&parent=766"}],"wp:term":[{"taxonomy":"category","embeddable":true,"href":"https:\/\/brueder-schoenfeld-forum.de\/index.php?rest_route=%2Fwp%2Fv2%2Fcategories&post=766"},{"taxonomy":"post_tag","embeddable":true,"href":"https:\/\/brueder-schoenfeld-forum.de\/index.php?rest_route=%2Fwp%2Fv2%2Ftags&post=766"}],"curies":[{"name":"wp","href":"https:\/\/api.w.org\/{rel}","templated":true}]}}