{"id":797,"date":"2021-07-06T09:56:30","date_gmt":"2021-07-06T09:56:30","guid":{"rendered":"https:\/\/brueder-schoenfeld-forum.de\/?p=797"},"modified":"2023-01-21T11:02:06","modified_gmt":"2023-01-21T11:02:06","slug":"auf-spurensuche-in-hochstadt","status":"publish","type":"post","link":"https:\/\/brueder-schoenfeld-forum.de\/?p=797","title":{"rendered":"Auf Spurensuche in Hochstadt"},"content":{"rendered":"\n<figure class=\"wp-block-image size-large\"><img loading=\"lazy\" width=\"1024\" height=\"768\" src=\"https:\/\/brueder-schoenfeld-forum.de\/wp-content\/uploads\/2021\/07\/AES_Projekt_NS-Verfolgte-1024x768.jpg\" alt=\"\" class=\"wp-image-805\" srcset=\"https:\/\/brueder-schoenfeld-forum.de\/wp-content\/uploads\/2021\/07\/AES_Projekt_NS-Verfolgte-1024x768.jpg 1024w, https:\/\/brueder-schoenfeld-forum.de\/wp-content\/uploads\/2021\/07\/AES_Projekt_NS-Verfolgte-300x225.jpg 300w, https:\/\/brueder-schoenfeld-forum.de\/wp-content\/uploads\/2021\/07\/AES_Projekt_NS-Verfolgte-768x576.jpg 768w, https:\/\/brueder-schoenfeld-forum.de\/wp-content\/uploads\/2021\/07\/AES_Projekt_NS-Verfolgte.jpg 1210w\" sizes=\"(max-width: 1024px) 100vw, 1024px\" \/><figcaption>Sch\u00fclerinnen und Sch\u00fcler der Albert-Einstein-Schule  lassen sich von Herbert Begemann (Br\u00fcder-Sch\u00f6nfeld-Forum) \u00fcber Schicksale von NS-Verfolgten informieren<\/figcaption><\/figure>\n\n\n\n<p>30 Sch\u00fclerinnen und Sch\u00fcler der Albert-Einstein-Schule gingen zum Abschluss des 10. Schuljahres in Hochstadt auf Spurensuche. Der Gang von &#8222;Stolperstein&#8220; zu &#8222;Stolperstein&#8220; f\u00fchrte vom Grundst\u00fcck der ehemaligen Synagoge zu den  H\u00e4usern der j\u00fcdischen Familien Katz, Hartoch und Stern. Die auf zwei Tage verteilte Exkursion war Teil eines Projekts im biligualen Unterricht (deutsch\/englisch) und bestand in der Aufgabe, einen Podcast zu produzieren, der sich mit der Biografie von Verfolgten der NS-Zeit besch\u00e4ftigt. Die Bandbreite reichte dabei von K\u00e4the Jonas und Karl Diez, die aus politischen Gr\u00fcnden verfolgt wurden, schloss die &#8222;Euthanasie&#8220;-Opfer Marie Rauch und Hilde Stern ein, und nahm beispielhaft die j\u00fcdischen Verfolgten Lothar Strau\u00df und Isaak Sch\u00f6nfeld in den Blick. <\/p>\n\n\n\n<p>Das Projekt kam bei den beteiligten Lehrkr\u00e4ften wie bei den Sch\u00fclerinnen und Sch\u00fclern des Maintaler Gymnasiums gut an. Eine Neuauflage im n\u00e4chsten Schuljahr ist geplant.<\/p>\n\n\n\n<p><\/p>\n","protected":false},"excerpt":{"rendered":"<p>30 Sch\u00fclerinnen und Sch\u00fcler der Albert-Einstein-Schule gingen zum Abschluss des 10. Schuljahres in Hochstadt auf Spurensuche. Der Gang von &#8222;Stolperstein&#8220; zu &#8222;Stolperstein&#8220; f\u00fchrte vom Grundst\u00fcck der ehemaligen Synagoge zu den [&hellip;]<\/p>\n","protected":false},"author":1,"featured_media":0,"comment_status":"closed","ping_status":"open","sticky":false,"template":"","format":"standard","meta":{"_expiration-date-status":"","_expiration-date":1674295309,"_expiration-date-type":"draft","_expiration-date-categories":[],"_expiration-date-options":[]},"categories":[6,1],"tags":[],"_links":{"self":[{"href":"https:\/\/brueder-schoenfeld-forum.de\/index.php?rest_route=\/wp\/v2\/posts\/797"}],"collection":[{"href":"https:\/\/brueder-schoenfeld-forum.de\/index.php?rest_route=\/wp\/v2\/posts"}],"about":[{"href":"https:\/\/brueder-schoenfeld-forum.de\/index.php?rest_route=\/wp\/v2\/types\/post"}],"author":[{"embeddable":true,"href":"https:\/\/brueder-schoenfeld-forum.de\/index.php?rest_route=\/wp\/v2\/users\/1"}],"replies":[{"embeddable":true,"href":"https:\/\/brueder-schoenfeld-forum.de\/index.php?rest_route=%2Fwp%2Fv2%2Fcomments&post=797"}],"version-history":[{"count":3,"href":"https:\/\/brueder-schoenfeld-forum.de\/index.php?rest_route=\/wp\/v2\/posts\/797\/revisions"}],"predecessor-version":[{"id":808,"href":"https:\/\/brueder-schoenfeld-forum.de\/index.php?rest_route=\/wp\/v2\/posts\/797\/revisions\/808"}],"wp:attachment":[{"href":"https:\/\/brueder-schoenfeld-forum.de\/index.php?rest_route=%2Fwp%2Fv2%2Fmedia&parent=797"}],"wp:term":[{"taxonomy":"category","embeddable":true,"href":"https:\/\/brueder-schoenfeld-forum.de\/index.php?rest_route=%2Fwp%2Fv2%2Fcategories&post=797"},{"taxonomy":"post_tag","embeddable":true,"href":"https:\/\/brueder-schoenfeld-forum.de\/index.php?rest_route=%2Fwp%2Fv2%2Ftags&post=797"}],"curies":[{"name":"wp","href":"https:\/\/api.w.org\/{rel}","templated":true}]}}