{"id":880,"date":"2021-11-01T13:35:08","date_gmt":"2021-11-01T13:35:08","guid":{"rendered":"https:\/\/brueder-schoenfeld-forum.de\/?p=880"},"modified":"2025-07-14T13:06:45","modified_gmt":"2025-07-14T13:06:45","slug":"alter-juedischer-friedhof-mainz","status":"publish","type":"post","link":"https:\/\/brueder-schoenfeld-forum.de\/?p=880","title":{"rendered":"Alter J\u00fcdischer Friedhof Mainz"},"content":{"rendered":"\n<figure class=\"wp-block-image size-large\"><img loading=\"lazy\" width=\"1024\" height=\"768\" src=\"https:\/\/brueder-schoenfeld-forum.de\/wp-content\/uploads\/2021\/11\/Jued_Friedhof_MZ-1024x768.jpg\" alt=\"\" class=\"wp-image-881\" srcset=\"https:\/\/brueder-schoenfeld-forum.de\/wp-content\/uploads\/2021\/11\/Jued_Friedhof_MZ-1024x768.jpg 1024w, https:\/\/brueder-schoenfeld-forum.de\/wp-content\/uploads\/2021\/11\/Jued_Friedhof_MZ-300x225.jpg 300w, https:\/\/brueder-schoenfeld-forum.de\/wp-content\/uploads\/2021\/11\/Jued_Friedhof_MZ-768x576.jpg 768w, https:\/\/brueder-schoenfeld-forum.de\/wp-content\/uploads\/2021\/11\/Jued_Friedhof_MZ-1536x1152.jpg 1536w, https:\/\/brueder-schoenfeld-forum.de\/wp-content\/uploads\/2021\/11\/Jued_Friedhof_MZ-2048x1536.jpg 2048w\" sizes=\"(max-width: 1024px) 100vw, 1024px\" \/><figcaption>F\u00fchrung \u00fcber den &#8222;Judensand&#8220; in Mainz, einen der \u00e4ltesten j\u00fcdischen Friedh\u00f6fe in Europa, heute UNESCO-Welterbe<\/figcaption><\/figure>\n\n\n\n<p>Am 17. Oktober fand in Mainz eine F\u00fchrung \u00fcber einen der \u00e4ltesten j\u00fcdischen Friedh\u00f6fe Europas statt, dem &#8222;Judensand&#8220; an der Mombacher Stra\u00dfe. Er ist seit dem Sommer Teil des UNESCO-Welterbes in den sogenannten SchUM-St\u00e4dten Mainz, Worms und Speyer.<\/p>\n\n\n\n<p>Anders als etwa auf dem J\u00fcdischen Friedhof in Hanau gibt es in Mainz keine durchgehende Gr\u00e4berbelegung mehr. Die vorhandenen Grabsteine stehen nicht mehr auf ihrem urspr\u00fcnglichen Platz, weil der Friedhof im Laufe der Jahrhunderte immer mal abger\u00e4umt oder f\u00fcr andere Zwecke verplant wurde. Die Bedeutung erschlie\u00dft sich daher in erster Linie durch die Verbindung des authentischen Gel\u00e4ndes mit der Mainzer Geschichte.<\/p>\n\n\n\n<p>Die Stadt Mainz beabsichtigt, den Friedhof durch einen Besucherpavillon, \u00fcber den mehr Informationen bereitgestellt werden k\u00f6nnen, zu erg\u00e4nzen.<\/p>\n","protected":false},"excerpt":{"rendered":"<p>Am 17. Oktober fand in Mainz eine F\u00fchrung \u00fcber einen der \u00e4ltesten j\u00fcdischen Friedh\u00f6fe Europas statt, dem &#8222;Judensand&#8220; an der Mombacher Stra\u00dfe. Er ist seit dem Sommer Teil des UNESCO-Welterbes [&hellip;]<\/p>\n","protected":false},"author":1,"featured_media":0,"comment_status":"closed","ping_status":"closed","sticky":false,"template":"","format":"standard","meta":{"_expiration-date-status":"","_expiration-date":1635751189,"_expiration-date-type":"draft","_expiration-date-categories":[],"_expiration-date-options":[]},"categories":[6],"tags":[],"_links":{"self":[{"href":"https:\/\/brueder-schoenfeld-forum.de\/index.php?rest_route=\/wp\/v2\/posts\/880"}],"collection":[{"href":"https:\/\/brueder-schoenfeld-forum.de\/index.php?rest_route=\/wp\/v2\/posts"}],"about":[{"href":"https:\/\/brueder-schoenfeld-forum.de\/index.php?rest_route=\/wp\/v2\/types\/post"}],"author":[{"embeddable":true,"href":"https:\/\/brueder-schoenfeld-forum.de\/index.php?rest_route=\/wp\/v2\/users\/1"}],"replies":[{"embeddable":true,"href":"https:\/\/brueder-schoenfeld-forum.de\/index.php?rest_route=%2Fwp%2Fv2%2Fcomments&post=880"}],"version-history":[{"count":2,"href":"https:\/\/brueder-schoenfeld-forum.de\/index.php?rest_route=\/wp\/v2\/posts\/880\/revisions"}],"predecessor-version":[{"id":884,"href":"https:\/\/brueder-schoenfeld-forum.de\/index.php?rest_route=\/wp\/v2\/posts\/880\/revisions\/884"}],"wp:attachment":[{"href":"https:\/\/brueder-schoenfeld-forum.de\/index.php?rest_route=%2Fwp%2Fv2%2Fmedia&parent=880"}],"wp:term":[{"taxonomy":"category","embeddable":true,"href":"https:\/\/brueder-schoenfeld-forum.de\/index.php?rest_route=%2Fwp%2Fv2%2Fcategories&post=880"},{"taxonomy":"post_tag","embeddable":true,"href":"https:\/\/brueder-schoenfeld-forum.de\/index.php?rest_route=%2Fwp%2Fv2%2Ftags&post=880"}],"curies":[{"name":"wp","href":"https:\/\/api.w.org\/{rel}","templated":true}]}}