{"id":948,"date":"2022-04-02T08:48:48","date_gmt":"2022-04-02T08:48:48","guid":{"rendered":"https:\/\/brueder-schoenfeld-forum.de\/?p=948"},"modified":"2025-07-14T13:05:29","modified_gmt":"2025-07-14T13:05:29","slug":"medaille-in-silber-fuer-ursula-pohl","status":"publish","type":"post","link":"https:\/\/brueder-schoenfeld-forum.de\/?p=948","title":{"rendered":"Medaille in Silber f\u00fcr Ursula Pohl"},"content":{"rendered":"\n<p>Die Stadtverordnetenversammlung Maintal hat unserer verstorbenen 2. Vorsitzenden Ursula Pohl posthum die Medaille der Stadt Maintal in Silber verliehen. Sie w\u00fcrdigt damit das langj\u00e4hrige und vielf\u00e4ltige ehrenamtliche Engagement der Hochst\u00e4dterin. Alles war vorbereitet und so gedacht, die Medaille am 28. M\u00e4rz pers\u00f6nlich zu \u00fcbergeben. Das Schicksal wollte es, dass die nun Geehrte wenige Tage vorher verstarb.<\/p>\n\n\n\n<p>Die Medaille in Silber ist eine der h\u00f6chsten Auszeichnungen der Stadt Maintal und wird entsprechend selten verliehen. Im Frauenhain am D\u00f6rnigheimer Mainufer ist Ursula Pohl bereits seit l\u00e4ngerem ein Baum gewidmet. <\/p>\n\n\n\n<p>Ursula Pohl war in diesem Jahr auch f\u00fcr die Ehrung wegen ihrer zehnj\u00e4hrigen T\u00e4tigkeit im Vorstand des Br\u00fcder-Sch\u00f6nfeld-Forum e.V. nominiert worden. Die Stadt Maintal hat das nun mit den anderen Engagements zusammenfassend gew\u00fcrdigt.<\/p>\n\n\n\n<div style=\"height:19px\" aria-hidden=\"true\" class=\"wp-block-spacer\"><\/div>\n\n\n\n<p> <\/p>\n\n\n\n<figure class=\"wp-block-image size-full\"><img loading=\"lazy\" width=\"800\" height=\"536\" src=\"https:\/\/brueder-schoenfeld-forum.de\/wp-content\/uploads\/2022\/04\/ursula-pohl-traueranzeige-Nachruf.png\" alt=\"\" class=\"wp-image-949\" srcset=\"https:\/\/brueder-schoenfeld-forum.de\/wp-content\/uploads\/2022\/04\/ursula-pohl-traueranzeige-Nachruf.png 800w, https:\/\/brueder-schoenfeld-forum.de\/wp-content\/uploads\/2022\/04\/ursula-pohl-traueranzeige-Nachruf-300x201.png 300w, https:\/\/brueder-schoenfeld-forum.de\/wp-content\/uploads\/2022\/04\/ursula-pohl-traueranzeige-Nachruf-768x515.png 768w\" sizes=\"(max-width: 800px) 100vw, 800px\" \/><figcaption>Anzeige der Stadt Maintal vom 2. April 2022   \/   \u00a9 Hanauer Anzeiger \/ Maintal Tagesanzeiger<\/figcaption><\/figure>\n\n\n\n<p><\/p>\n","protected":false},"excerpt":{"rendered":"<p>Die Stadtverordnetenversammlung Maintal hat unserer verstorbenen 2. Vorsitzenden Ursula Pohl posthum die Medaille der Stadt Maintal in Silber verliehen. Sie w\u00fcrdigt damit das langj\u00e4hrige und vielf\u00e4ltige ehrenamtliche Engagement der Hochst\u00e4dterin. [&hellip;]<\/p>\n","protected":false},"author":1,"featured_media":0,"comment_status":"closed","ping_status":"closed","sticky":false,"template":"","format":"standard","meta":{"_expiration-date-status":"","_expiration-date":1648864089,"_expiration-date-type":"draft","_expiration-date-categories":[],"_expiration-date-options":[]},"categories":[26],"tags":[],"_links":{"self":[{"href":"https:\/\/brueder-schoenfeld-forum.de\/index.php?rest_route=\/wp\/v2\/posts\/948"}],"collection":[{"href":"https:\/\/brueder-schoenfeld-forum.de\/index.php?rest_route=\/wp\/v2\/posts"}],"about":[{"href":"https:\/\/brueder-schoenfeld-forum.de\/index.php?rest_route=\/wp\/v2\/types\/post"}],"author":[{"embeddable":true,"href":"https:\/\/brueder-schoenfeld-forum.de\/index.php?rest_route=\/wp\/v2\/users\/1"}],"replies":[{"embeddable":true,"href":"https:\/\/brueder-schoenfeld-forum.de\/index.php?rest_route=%2Fwp%2Fv2%2Fcomments&post=948"}],"version-history":[{"count":5,"href":"https:\/\/brueder-schoenfeld-forum.de\/index.php?rest_route=\/wp\/v2\/posts\/948\/revisions"}],"predecessor-version":[{"id":954,"href":"https:\/\/brueder-schoenfeld-forum.de\/index.php?rest_route=\/wp\/v2\/posts\/948\/revisions\/954"}],"wp:attachment":[{"href":"https:\/\/brueder-schoenfeld-forum.de\/index.php?rest_route=%2Fwp%2Fv2%2Fmedia&parent=948"}],"wp:term":[{"taxonomy":"category","embeddable":true,"href":"https:\/\/brueder-schoenfeld-forum.de\/index.php?rest_route=%2Fwp%2Fv2%2Fcategories&post=948"},{"taxonomy":"post_tag","embeddable":true,"href":"https:\/\/brueder-schoenfeld-forum.de\/index.php?rest_route=%2Fwp%2Fv2%2Ftags&post=948"}],"curies":[{"name":"wp","href":"https:\/\/api.w.org\/{rel}","templated":true}]}}