{"id":986,"date":"2022-05-09T15:46:13","date_gmt":"2022-05-09T15:46:13","guid":{"rendered":"https:\/\/brueder-schoenfeld-forum.de\/?p=986"},"modified":"2025-07-14T13:04:15","modified_gmt":"2025-07-14T13:04:15","slug":"redebeitrag-zur-mahnwache-krieg-in-der-ukraine","status":"publish","type":"post","link":"https:\/\/brueder-schoenfeld-forum.de\/?p=986","title":{"rendered":"Redebeitrag zur Mahnwache &#8222;Krieg in der Ukraine&#8220;"},"content":{"rendered":"\n<p>Guten Abend,<\/p>\n\n\n\n<p>ich bin <strong>Herbert Begemann vom Verein Bruder-Sch\u00f6nfeld-Forum.<\/strong><\/p>\n\n\n\n<p>Einige von Ihnen waren vielleicht auch am letzten Freitag hier. Ich sollte schon letzte Woche hier sprechen. Doch die praktischen Umst\u00e4nde lie\u00dfen das nicht zu.<br>In der Zwischenzeit haben wir im Fernsehen und Internet die schrecklichen Bilder aus den St\u00e4dten am Rande von Kiew gesehen. Ich habe \u00fcberlegt, ob ich den vorbereiteten Text \u00e4ndern sollte. Ich habe mich dagegen entschieden, weil ich f\u00fcr das Geschehen in diesen Orten zwar die passenden Gef\u00fchle habe, mir aber wie vielen anderen auch, die passenden Worte fehlen.<\/p>\n\n\n\n<p><br>Unser Verein Br\u00fcder-Sch\u00f6nfeld-Forum, hat in seiner Satzung als Zweck festgeschrieben, an die Opfer von Verfolgung zu erinnern, besonders in der Zeit des Nationalsozialismus. Auch wollen wir uns ganz allgemein f\u00fcr den friedlichen Ausgleich zwischen den unterschiedlichen Kulturen einsetzen.<\/p>\n\n\n\n<p>Wie man sich denken kann, lesen wir viel in Berichten und Dokumenten, h\u00f6ren uns Schilderungen von Zeitzeugen an, studieren Hunderte von Akten, die sich auf vergangene Zeiten beziehen. Zeiten der Diktatur, der Verfolgung, der Zerst\u00f6rung und des ungebremsten Mordens. Doch in diesen Tagen kann man dabei den Eindruck gewinnen, als spiegele das die aktuelle Gegenwart:<\/p>\n\n\n\n<p><br>Da geht es um Flucht und Vertreibung, um die Trennung von Familie und Freunden, um die Rettung der Kinder. Es geht um das Ankommen in einer fremden Welt und die Sorge, wie es um die Zur\u00fcckgelassenen steht.<\/p>\n\n\n\n<p>In jedem Zeitalter hinterlassen Kriege \u00e4hnliche Spuren der Verw\u00fcstung und des Leids. Sie hinterlassen unz\u00e4hlige Tote. Sie sind auf Friedh\u00f6fen, Denkm\u00e4lern und Erinnerungstafeln \u00f6ffentlich dokumentiert.<br><br>In der deutschen Sprache benutzen wir die Redewendung, ein Krieg sei \u201eausgebrochen\u201c. Wir sagen \u201evor Ausbruch des Ersten Weltkrieges\u201c oder \u201enach Ausbruch des Zweiten Weltkriegs\u201c, ganz so, als k\u00e4me der Krieg \u00fcber die Menschheit wie ein Wetterumschwung, etwas mit dem man immer mal rechnen musss, ohne zu wissen wann.<br><br>Doch Kriege brechen nicht einfach aus, sie werden von Menschen gewollt, angefangen, provoziert, bef\u00f6rdert oder billigend in Kauf genommen. Sie sind auch nicht das Werk eines einzelnen Menschen. Reden wir uns nicht ein, dass es zum Krieg nicht k\u00e4me oder der Krieg schnell beendet sein w\u00fcrde, wenn es die Assads und Putins nicht g\u00e4be. Denn hinter den Assads und Putins gibt es immer eine Armada von Interessierten, die vom Krieg profitieren, mit ihm eigene Ziele verfolgen oder darin eine gute Gelegenheit f\u00fcr was auch immer sehen.<br><br>Was gro\u00dfe Kriege angeht, stehen wir hier auf kontaminiertem Boden: Vor sehr langer Zeit, im Herbst 1813, marschierten hier die napoleonischen Soldaten durch D\u00f6rnigheim Richtung Frankfurt. Sie hatten das Gef\u00fchl, in der Schlacht von Hanau gesiegt zu haben. Doch angesichts der zur\u00fcckgelassenen ann\u00e4hernd 15.000 Toten kann man nur zu dem Schluss kommen: Krieg und Sieg haben nur im Wortklang etwas gemeinsam. Der Krieg ist f\u00fcr niemanden ein Sieg. Er ist immer und f\u00fcr alle von Anfang an eine Niederlage. Eine Niederlage f\u00fcr die Wahrheit, eine Niederlage f\u00fcr die Menschlichkeit und eine Niederlage f\u00fcr Leib und Leben.<\/p>\n\n\n\n<p>\u201eWehret den Anf\u00e4ngen!\u201c, m\u00f6chte man rufen. Aber wo ist der Anfang eines Krieges? Wo ist der Anfang des Krieges gegen die Ukraine? Wann und wie h\u00e4tte man ihn verhindern k\u00f6nnen? Das sind wichtige Fragen, \u00fcber die wir miteinander sprechen m\u00fcssen. Nicht dar\u00fcber, ob wir morgen noch Sonnenblumen\u00f6l einkaufen k\u00f6nnen, ob Anna Netrebko weiterhin auf unseren Opernb\u00fchnen auftreten sollte oder wann der versprochene Rabatt auf gestiegene Preise kommt. Die Sache ist zu wichtig, als dass wir auf Nebenkriegsschaupl\u00e4tze ausweichen d\u00fcrfen.<\/p>\n\n\n\n<p><br>K\u00fcmmern wir uns weiterhin um die Gefl\u00fcchteten aus der Ukraine. Bleiben wir zug\u00e4nglich f\u00fcr die Menschen aus Russland. Sorgen wir uns weiterhin um die Gefl\u00fcchteten aus Syrien, Afghanistan und anderen Kriegsgebieten. Vergessen wir nicht diejenigen, die in den Lagern der Grenzregionen festsitzen, ohne dass wir Ihnen eine Perspektive er\u00f6ffnet haben. Schaffen wir R\u00e4ume f\u00fcr den Ausgleich zwischen staatlich verfeindeten V\u00f6lkern. Tun wir das unsrige, jede und jeder nach den eigenen M\u00f6glichkeiten. &nbsp;&nbsp;&nbsp;&nbsp;&nbsp; Vielen Dank!<\/p>\n\n\n\n<p>Beitrag zur w\u00f6chentlichen Maintaler Mahnwache (Maintal-D\u00f6rnigheim, K\u00e4the-Jonas-Platz) Freitag, den 8. April 2022<\/p>\n","protected":false},"excerpt":{"rendered":"<p>Guten Abend, ich bin Herbert Begemann vom Verein Bruder-Sch\u00f6nfeld-Forum. Einige von Ihnen waren vielleicht auch am letzten Freitag hier. Ich sollte schon letzte Woche hier sprechen. Doch die praktischen Umst\u00e4nde [&hellip;]<\/p>\n","protected":false},"author":1,"featured_media":0,"comment_status":"open","ping_status":"open","sticky":false,"template":"","format":"standard","meta":{"_expiration-date-status":"","_expiration-date":1652085716,"_expiration-date-type":"draft","_expiration-date-categories":[],"_expiration-date-options":[]},"categories":[26],"tags":[],"_links":{"self":[{"href":"https:\/\/brueder-schoenfeld-forum.de\/index.php?rest_route=\/wp\/v2\/posts\/986"}],"collection":[{"href":"https:\/\/brueder-schoenfeld-forum.de\/index.php?rest_route=\/wp\/v2\/posts"}],"about":[{"href":"https:\/\/brueder-schoenfeld-forum.de\/index.php?rest_route=\/wp\/v2\/types\/post"}],"author":[{"embeddable":true,"href":"https:\/\/brueder-schoenfeld-forum.de\/index.php?rest_route=\/wp\/v2\/users\/1"}],"replies":[{"embeddable":true,"href":"https:\/\/brueder-schoenfeld-forum.de\/index.php?rest_route=%2Fwp%2Fv2%2Fcomments&post=986"}],"version-history":[{"count":3,"href":"https:\/\/brueder-schoenfeld-forum.de\/index.php?rest_route=\/wp\/v2\/posts\/986\/revisions"}],"predecessor-version":[{"id":1087,"href":"https:\/\/brueder-schoenfeld-forum.de\/index.php?rest_route=\/wp\/v2\/posts\/986\/revisions\/1087"}],"wp:attachment":[{"href":"https:\/\/brueder-schoenfeld-forum.de\/index.php?rest_route=%2Fwp%2Fv2%2Fmedia&parent=986"}],"wp:term":[{"taxonomy":"category","embeddable":true,"href":"https:\/\/brueder-schoenfeld-forum.de\/index.php?rest_route=%2Fwp%2Fv2%2Fcategories&post=986"},{"taxonomy":"post_tag","embeddable":true,"href":"https:\/\/brueder-schoenfeld-forum.de\/index.php?rest_route=%2Fwp%2Fv2%2Ftags&post=986"}],"curies":[{"name":"wp","href":"https:\/\/api.w.org\/{rel}","templated":true}]}}